{"id":4886,"date":"2025-12-05T14:40:46","date_gmt":"2025-12-05T13:40:46","guid":{"rendered":"https:\/\/www.farnostliskovec.cz\/?p=4886"},"modified":"2025-12-05T14:41:06","modified_gmt":"2025-12-05T13:41:06","slug":"prednaska-mezi-trny-a-ruzemi","status":"publish","type":"post","link":"https:\/\/www.farnostliskovec.cz\/?p=4886","title":{"rendered":"P\u0159edn\u00e1\u0161ka: Mezi trny a r\u016f\u017eemi"},"content":{"rendered":"<h2>Hana Pinknerov\u00e1 &#8211; Mezi trny a r\u016f\u017eemi<\/h2>\n<p>Spisovatelka Mgr. Hana Pinknerov\u00e1 p\u0159ijede k n\u00e1m do farnosti pov\u00eddat o \u017eivot\u011b, jak ho zn\u00e1me, o chv\u00edl\u00edch, kdy se sm\u011bjeme, ml\u010d\u00edme i dopou\u0161t\u00edme, o p\u0159\u00edb\u011bz\u00edch, kter\u00e9 p\u00ed\u0161e \u017eivot s\u00e1m.<\/p>\n<p>Jste srde\u010dn\u011b zv\u00e1ni.<\/p>\n<p>&nbsp;<\/p>\n<p><img decoding=\"async\" class=\"an1\" draggable=\"false\" src=\"https:\/\/fonts.gstatic.com\/s\/e\/notoemoji\/16.0\/1f4c5\/32.png\" alt=\"&#x1f4c5;\" data-emoji=\"&#x1f4c5;\" aria-label=\"&#x1f4c5;\" \/>\u00a0<strong>ned\u011ble 14. prosince 2025<\/strong><br \/>\n<img decoding=\"async\" class=\"an1\" draggable=\"false\" src=\"https:\/\/fonts.gstatic.com\/s\/e\/notoemoji\/16.0\/1f556\/32.png\" alt=\"&#x1f556;\" data-emoji=\"&#x1f556;\" aria-label=\"&#x1f556;\" \/>\u00a0<strong>17.00 hodin<\/strong><br \/>\n<img decoding=\"async\" class=\"an1\" draggable=\"false\" src=\"https:\/\/fonts.gstatic.com\/s\/e\/notoemoji\/16.0\/1f4cd\/32.png\" alt=\"&#x1f4cd;\" data-emoji=\"&#x1f4cd;\" aria-label=\"&#x1f4cd;\" \/>\u00a0<strong>kostel sv. Jana Nepomuck\u00e9ho, Brno \u2013 Star\u00fd L\u00edskovec<\/strong><\/p>\n<p><a href=\"https:\/\/www.farnostliskovec.cz\/wp-content\/uploads\/2025\/12\/Mezi-trny-a-ruzemi-2025_03.png\"><img loading=\"lazy\" decoding=\"async\" class=\"alignleft size-medium wp-image-4887\" src=\"https:\/\/www.farnostliskovec.cz\/wp-content\/uploads\/2025\/12\/Mezi-trny-a-ruzemi-2025_03-212x300.png\" alt=\"\" width=\"212\" height=\"300\" srcset=\"https:\/\/www.farnostliskovec.cz\/wp-content\/uploads\/2025\/12\/Mezi-trny-a-ruzemi-2025_03-212x300.png 212w, https:\/\/www.farnostliskovec.cz\/wp-content\/uploads\/2025\/12\/Mezi-trny-a-ruzemi-2025_03-724x1024.png 724w, https:\/\/www.farnostliskovec.cz\/wp-content\/uploads\/2025\/12\/Mezi-trny-a-ruzemi-2025_03-768x1086.png 768w, https:\/\/www.farnostliskovec.cz\/wp-content\/uploads\/2025\/12\/Mezi-trny-a-ruzemi-2025_03-1086x1536.png 1086w, https:\/\/www.farnostliskovec.cz\/wp-content\/uploads\/2025\/12\/Mezi-trny-a-ruzemi-2025_03-1448x2048.png 1448w, https:\/\/www.farnostliskovec.cz\/wp-content\/uploads\/2025\/12\/Mezi-trny-a-ruzemi-2025_03.png 1587w\" sizes=\"auto, (max-width: 212px) 100vw, 212px\" \/><\/a><\/p>\n","protected":false},"excerpt":{"rendered":"<p>Hana Pinknerov\u00e1 &#8211; Mezi trny a r\u016f\u017eemi Spisovatelka Mgr. Hana Pinknerov\u00e1 p\u0159ijede k n\u00e1m do farnosti pov\u00eddat o \u017eivot\u011b, jak ho zn\u00e1me, o chv\u00edl\u00edch, kdy se sm\u011bjeme, ml\u010d\u00edme i dopou\u0161t\u00edme, o p\u0159\u00edb\u011bz\u00edch, kter\u00e9 p\u00ed\u0161e \u017eivot s\u00e1m. Jste srde\u010dn\u011b zv\u00e1ni. &nbsp; \u00a0ned\u011ble 14. prosince 2025 \u00a017.00 hodin \u00a0kostel sv. Jana Nepomuck\u00e9ho, Brno \u2013 Star\u00fd L\u00edskovec<\/p>\n","protected":false},"author":2,"featured_media":4888,"comment_status":"closed","ping_status":"closed","sticky":false,"template":"","format":"standard","meta":{"footnotes":""},"categories":[1,6],"tags":[],"class_list":["post-4886","post","type-post","status-publish","format-standard","has-post-thumbnail","hentry","category-aktuality","category-pozvanky","has-thumb"],"_links":{"self":[{"href":"https:\/\/www.farnostliskovec.cz\/index.php?rest_route=\/wp\/v2\/posts\/4886","targetHints":{"allow":["GET"]}}],"collection":[{"href":"https:\/\/www.farnostliskovec.cz\/index.php?rest_route=\/wp\/v2\/posts"}],"about":[{"href":"https:\/\/www.farnostliskovec.cz\/index.php?rest_route=\/wp\/v2\/types\/post"}],"author":[{"embeddable":true,"href":"https:\/\/www.farnostliskovec.cz\/index.php?rest_route=\/wp\/v2\/users\/2"}],"replies":[{"embeddable":true,"href":"https:\/\/www.farnostliskovec.cz\/index.php?rest_route=%2Fwp%2Fv2%2Fcomments&post=4886"}],"version-history":[{"count":3,"href":"https:\/\/www.farnostliskovec.cz\/index.php?rest_route=\/wp\/v2\/posts\/4886\/revisions"}],"predecessor-version":[{"id":4945,"href":"https:\/\/www.farnostliskovec.cz\/index.php?rest_route=\/wp\/v2\/posts\/4886\/revisions\/4945"}],"wp:featuredmedia":[{"embeddable":true,"href":"https:\/\/www.farnostliskovec.cz\/index.php?rest_route=\/wp\/v2\/media\/4888"}],"wp:attachment":[{"href":"https:\/\/www.farnostliskovec.cz\/index.php?rest_route=%2Fwp%2Fv2%2Fmedia&parent=4886"}],"wp:term":[{"taxonomy":"category","embeddable":true,"href":"https:\/\/www.farnostliskovec.cz\/index.php?rest_route=%2Fwp%2Fv2%2Fcategories&post=4886"},{"taxonomy":"post_tag","embeddable":true,"href":"https:\/\/www.farnostliskovec.cz\/index.php?rest_route=%2Fwp%2Fv2%2Ftags&post=4886"}],"curies":[{"name":"wp","href":"https:\/\/api.w.org\/{rel}","templated":true}]}}